{"id":1889,"date":"2019-02-06T08:26:06","date_gmt":"2019-02-06T08:26:06","guid":{"rendered":"https:\/\/floristeriaunge.com\/dia-de-san-valentin\/"},"modified":"2019-02-06T09:04:41","modified_gmt":"2019-02-06T09:04:41","slug":"dia-de-san-valentin","status":"publish","type":"post","link":"https:\/\/floristeriaunge.com\/es\/dia-de-san-valentin\/","title":{"rendered":"D\u00eda de San Valent\u00edn"},"content":{"rendered":"<p>[et_pb_section bb_built=\u00bb1&#8243;][et_pb_row][et_pb_column type=\u00bb4_4&#8243;][et_pb_text _builder_version=\u00bb3.19.12&#8243;]<\/p>\n<p>En mi primer post os quiero hablar del 14 de Febrero, San Valent\u00edn.<\/p>\n<p>San Valent\u00edn fue un religioso romano que muri\u00f3 m\u00e1rtir en su ciudad el 14 de Febrero en el a\u00f1o 270.<br \/>\nLo pusieron preso porque en aquella \u00e9poca el emperador Claudio prohibi\u00f3 casarse a los j\u00f3venes ya que consideraba que no eran tan buenos soldados, y como San Valent\u00edn cre\u00eda que era una injusticia, los casaba a escondidas hasta que lo descubrieron y lo ejecutaron.<\/p>\n<p>[\/et_pb_text][et_pb_image _builder_version=\u00bb3.19.12&#8243; src=\u00bbhttps:\/\/floristeriaunge.com\/wp-content\/uploads\/2019\/02\/floristeria-unge-san-valenti-ram.jpg\u00bb \/][et_pb_text _builder_version=\u00bb3.19.12&#8243;]<\/p>\n<p>El 14 de Febrero se ha convertido en un d\u00eda muy especial para las parejas enamoradas.<br \/>\nHace a\u00f1os era un d\u00eda en el que los enamorados se enviaban cartas de amor.<\/p>\n<p>[\/et_pb_text][\/et_pb_column][\/et_pb_row][et_pb_row][et_pb_column type=\u00bb1_2&#8243;][et_pb_image _builder_version=\u00bb3.19.12&#8243; src=\u00bbhttps:\/\/floristeriaunge.com\/wp-content\/uploads\/2019\/02\/floristeria-unge-san-valenti-rosa.jpg\u00bb \/][\/et_pb_column][et_pb_column type=\u00bb1_2&#8243;][et_pb_image _builder_version=\u00bb3.19.12&#8243; src=\u00bbhttps:\/\/floristeriaunge.com\/wp-content\/uploads\/2019\/02\/floristeria-unge-san-valenti-roses.jpg\u00bb \/][\/et_pb_column][\/et_pb_row][et_pb_row][et_pb_column type=\u00bb4_4&#8243;][et_pb_text _builder_version=\u00bb3.19.12&#8243;]<\/p>\n<p>Qualsevol dia de l&#8217;any \u00e9s un bon dia per a expressar el nostre amor a la parella, per\u00f2 el dia de Sant Valent\u00ed es un bon dia per sorprendre i reenamorar amb un bonic ram de flors, centre de plantes, unes roses, orquideas&#8230;.<br \/>\nQue millor que regalar flors?<br \/>\nA <a href=\"https:\/\/floristeriaunge.com\/es\/floristeria\/\">la nostra floristeria<\/a> trobar\u00e0s el que necessitis per a fer feli\u00e7 a la teva parella.<\/p>\n<p>Cualquier d\u00eda del. a\u00f1o es un buen d\u00eda para expresar nuestro amor a la pareja, pero el d\u00eda de San Valent\u00edn es un buen d\u00eda para sorprender y reenamorar con un bonito ramo de flores.<br \/>\nEn <a href=\"https:\/\/floristeriaunge.com\/es\/floristeria\/\">nuestra florister\u00eda<\/a> encontrar\u00e1s lo que necesites para hacer feliz a tu pareja.<\/p>\n<p>[\/et_pb_text][\/et_pb_column][\/et_pb_row][\/et_pb_section]<\/p>\n","protected":false},"excerpt":{"rendered":"<p><div class=\"et_pb_row et_pb_row_0 et_pb_row_empty\">\n\t\t\t\t\n\t\t\t\t\n\t\t\t\t\n\t\t\t\t\n\t\t\t\t\n\t\t\t<\/div> En mi primer post os quiero hablar del 14 de Febrero, San Valent\u00edn. San Valent\u00edn fue un religioso romano que muri\u00f3 m\u00e1rtir en su ciudad el 14 de Febrero en el a\u00f1o 270. Lo pusieron preso porque en aquella \u00e9poca el emperador Claudio prohibi\u00f3 casarse a los j\u00f3venes ya que consideraba que no eran [&hellip;]<\/p>\n","protected":false},"author":1,"featured_media":1883,"comment_status":"closed","ping_status":"closed","sticky":false,"template":"","format":"standard","meta":{"_et_pb_use_builder":"on","_et_pb_old_content":"","_et_gb_content_width":"","footnotes":""},"categories":[23,22],"tags":[],"class_list":["post-1889","post","type-post","status-publish","format-standard","has-post-thumbnail","hentry","category-ocasiones-especiales","category-ocasions-especials"],"yoast_head":"<!-- This site is optimized with the Yoast SEO plugin v26.4 - https:\/\/yoast.com\/wordpress\/plugins\/seo\/ -->\n<title>San Valent\u00edn, el patr\u00f3n de los enamorados - Floristeria Ca l&#039;Ung\u00e9<\/title>\n<meta name=\"description\" content=\"En Ca l&#039;Ung\u00e9, tu florister\u00eda en Santa Mar\u00eda de Palautordera, encontrar\u00e1s lo que necesites para hacer feliz a tu pareja.\" \/>\n<meta name=\"robots\" content=\"index, follow, max-snippet:-1, max-image-preview:large, max-video-preview:-1\" \/>\n<link rel=\"canonical\" href=\"https:\/\/floristeriaunge.com\/es\/dia-de-san-valentin\/\" \/>\n<meta property=\"og:locale\" content=\"es_ES\" \/>\n<meta property=\"og:type\" content=\"article\" \/>\n<meta property=\"og:title\" content=\"San Valent\u00edn, el patr\u00f3n de los enamorados - Floristeria Ca l&#039;Ung\u00e9\" \/>\n<meta property=\"og:description\" content=\"En Ca l&#039;Ung\u00e9, tu florister\u00eda en Santa Mar\u00eda de Palautordera, encontrar\u00e1s lo que necesites para hacer feliz a tu pareja.\" \/>\n<meta property=\"og:url\" content=\"https:\/\/floristeriaunge.com\/es\/dia-de-san-valentin\/\" \/>\n<meta property=\"og:site_name\" content=\"Floristeria Ca l&#039;Ung\u00e9\" \/>\n<meta property=\"article:published_time\" content=\"2019-02-06T08:26:06+00:00\" \/>\n<meta property=\"article:modified_time\" content=\"2019-02-06T09:04:41+00:00\" \/>\n<meta property=\"og:image\" content=\"https:\/\/floristeriaunge.com\/wp-content\/uploads\/2019\/02\/floristeria-unge-san-valenti-cor.jpg\" \/>\n\t<meta property=\"og:image:width\" content=\"1080\" \/>\n\t<meta property=\"og:image:height\" content=\"608\" \/>\n\t<meta property=\"og:image:type\" content=\"image\/jpeg\" \/>\n<meta name=\"author\" content=\"elreque\" \/>\n<meta name=\"twitter:card\" content=\"summary_large_image\" \/>\n<meta name=\"twitter:label1\" content=\"Escrito por\" \/>\n\t<meta name=\"twitter:data1\" content=\"elreque\" \/>\n\t<meta name=\"twitter:label2\" content=\"Tiempo de lectura\" \/>\n\t<meta name=\"twitter:data2\" content=\"2 minutos\" \/>\n<script type=\"application\/ld+json\" class=\"yoast-schema-graph\">{\"@context\":\"https:\/\/schema.org\",\"@graph\":[{\"@type\":\"WebPage\",\"@id\":\"https:\/\/floristeriaunge.com\/es\/dia-de-san-valentin\/\",\"url\":\"https:\/\/floristeriaunge.com\/es\/dia-de-san-valentin\/\",\"name\":\"San Valent\u00edn, el patr\u00f3n de los enamorados - Floristeria Ca l&#039;Ung\u00e9\",\"isPartOf\":{\"@id\":\"https:\/\/floristeriaunge.com\/es\/#website\"},\"primaryImageOfPage\":{\"@id\":\"https:\/\/floristeriaunge.com\/es\/dia-de-san-valentin\/#primaryimage\"},\"image\":{\"@id\":\"https:\/\/floristeriaunge.com\/es\/dia-de-san-valentin\/#primaryimage\"},\"thumbnailUrl\":\"https:\/\/floristeriaunge.com\/wp-content\/uploads\/2019\/02\/floristeria-unge-san-valenti-cor.jpg\",\"datePublished\":\"2019-02-06T08:26:06+00:00\",\"dateModified\":\"2019-02-06T09:04:41+00:00\",\"author\":{\"@id\":\"https:\/\/floristeriaunge.com\/es\/#\/schema\/person\/e91cbbe402dc8ddfa580bdf5c9526a64\"},\"description\":\"En Ca l'Ung\u00e9, tu florister\u00eda en Santa Mar\u00eda de Palautordera, encontrar\u00e1s lo que necesites para hacer feliz a tu pareja.\",\"breadcrumb\":{\"@id\":\"https:\/\/floristeriaunge.com\/es\/dia-de-san-valentin\/#breadcrumb\"},\"inLanguage\":\"es\",\"potentialAction\":[{\"@type\":\"ReadAction\",\"target\":[\"https:\/\/floristeriaunge.com\/es\/dia-de-san-valentin\/\"]}]},{\"@type\":\"ImageObject\",\"inLanguage\":\"es\",\"@id\":\"https:\/\/floristeriaunge.com\/es\/dia-de-san-valentin\/#primaryimage\",\"url\":\"https:\/\/floristeriaunge.com\/wp-content\/uploads\/2019\/02\/floristeria-unge-san-valenti-cor.jpg\",\"contentUrl\":\"https:\/\/floristeriaunge.com\/wp-content\/uploads\/2019\/02\/floristeria-unge-san-valenti-cor.jpg\",\"width\":1080,\"height\":608,\"caption\":\"San Valent\u00edn - Florister\u00eda Ca l'Ung\u00e9 - Ocasiones Especiales\"},{\"@type\":\"BreadcrumbList\",\"@id\":\"https:\/\/floristeriaunge.com\/es\/dia-de-san-valentin\/#breadcrumb\",\"itemListElement\":[{\"@type\":\"ListItem\",\"position\":1,\"name\":\"Inici\",\"item\":\"https:\/\/floristeriaunge.com\/es\/\"},{\"@type\":\"ListItem\",\"position\":2,\"name\":\"D\u00eda de San Valent\u00edn\"}]},{\"@type\":\"WebSite\",\"@id\":\"https:\/\/floristeriaunge.com\/es\/#website\",\"url\":\"https:\/\/floristeriaunge.com\/es\/\",\"name\":\"Floristeria Ca l&#039;Ung\u00e9\",\"description\":\"Tu florister\u00eda en Santa Mar\u00eda de Palautordera\",\"potentialAction\":[{\"@type\":\"SearchAction\",\"target\":{\"@type\":\"EntryPoint\",\"urlTemplate\":\"https:\/\/floristeriaunge.com\/es\/?s={search_term_string}\"},\"query-input\":{\"@type\":\"PropertyValueSpecification\",\"valueRequired\":true,\"valueName\":\"search_term_string\"}}],\"inLanguage\":\"es\"},{\"@type\":\"Person\",\"@id\":\"https:\/\/floristeriaunge.com\/es\/#\/schema\/person\/e91cbbe402dc8ddfa580bdf5c9526a64\",\"name\":\"elreque\",\"image\":{\"@type\":\"ImageObject\",\"inLanguage\":\"es\",\"@id\":\"https:\/\/floristeriaunge.com\/es\/#\/schema\/person\/image\/\",\"url\":\"https:\/\/secure.gravatar.com\/avatar\/77ddea7d244534dc63eb8ea8ab1d5c8a1f7b2fefe442497e7b76f2190a7a64c2?s=96&d=mm&r=g\",\"contentUrl\":\"https:\/\/secure.gravatar.com\/avatar\/77ddea7d244534dc63eb8ea8ab1d5c8a1f7b2fefe442497e7b76f2190a7a64c2?s=96&d=mm&r=g\",\"caption\":\"elreque\"}}]}<\/script>\n<!-- \/ Yoast SEO plugin. -->","yoast_head_json":{"title":"San Valent\u00edn, el patr\u00f3n de los enamorados - Floristeria Ca l&#039;Ung\u00e9","description":"En Ca l'Ung\u00e9, tu florister\u00eda en Santa Mar\u00eda de Palautordera, encontrar\u00e1s lo que necesites para hacer feliz a tu pareja.","robots":{"index":"index","follow":"follow","max-snippet":"max-snippet:-1","max-image-preview":"max-image-preview:large","max-video-preview":"max-video-preview:-1"},"canonical":"https:\/\/floristeriaunge.com\/es\/dia-de-san-valentin\/","og_locale":"es_ES","og_type":"article","og_title":"San Valent\u00edn, el patr\u00f3n de los enamorados - Floristeria Ca l&#039;Ung\u00e9","og_description":"En Ca l'Ung\u00e9, tu florister\u00eda en Santa Mar\u00eda de Palautordera, encontrar\u00e1s lo que necesites para hacer feliz a tu pareja.","og_url":"https:\/\/floristeriaunge.com\/es\/dia-de-san-valentin\/","og_site_name":"Floristeria Ca l&#039;Ung\u00e9","article_published_time":"2019-02-06T08:26:06+00:00","article_modified_time":"2019-02-06T09:04:41+00:00","og_image":[{"width":1080,"height":608,"url":"https:\/\/floristeriaunge.com\/wp-content\/uploads\/2019\/02\/floristeria-unge-san-valenti-cor.jpg","type":"image\/jpeg"}],"author":"elreque","twitter_card":"summary_large_image","twitter_misc":{"Escrito por":"elreque","Tiempo de lectura":"2 minutos"},"schema":{"@context":"https:\/\/schema.org","@graph":[{"@type":"WebPage","@id":"https:\/\/floristeriaunge.com\/es\/dia-de-san-valentin\/","url":"https:\/\/floristeriaunge.com\/es\/dia-de-san-valentin\/","name":"San Valent\u00edn, el patr\u00f3n de los enamorados - Floristeria Ca l&#039;Ung\u00e9","isPartOf":{"@id":"https:\/\/floristeriaunge.com\/es\/#website"},"primaryImageOfPage":{"@id":"https:\/\/floristeriaunge.com\/es\/dia-de-san-valentin\/#primaryimage"},"image":{"@id":"https:\/\/floristeriaunge.com\/es\/dia-de-san-valentin\/#primaryimage"},"thumbnailUrl":"https:\/\/floristeriaunge.com\/wp-content\/uploads\/2019\/02\/floristeria-unge-san-valenti-cor.jpg","datePublished":"2019-02-06T08:26:06+00:00","dateModified":"2019-02-06T09:04:41+00:00","author":{"@id":"https:\/\/floristeriaunge.com\/es\/#\/schema\/person\/e91cbbe402dc8ddfa580bdf5c9526a64"},"description":"En Ca l'Ung\u00e9, tu florister\u00eda en Santa Mar\u00eda de Palautordera, encontrar\u00e1s lo que necesites para hacer feliz a tu pareja.","breadcrumb":{"@id":"https:\/\/floristeriaunge.com\/es\/dia-de-san-valentin\/#breadcrumb"},"inLanguage":"es","potentialAction":[{"@type":"ReadAction","target":["https:\/\/floristeriaunge.com\/es\/dia-de-san-valentin\/"]}]},{"@type":"ImageObject","inLanguage":"es","@id":"https:\/\/floristeriaunge.com\/es\/dia-de-san-valentin\/#primaryimage","url":"https:\/\/floristeriaunge.com\/wp-content\/uploads\/2019\/02\/floristeria-unge-san-valenti-cor.jpg","contentUrl":"https:\/\/floristeriaunge.com\/wp-content\/uploads\/2019\/02\/floristeria-unge-san-valenti-cor.jpg","width":1080,"height":608,"caption":"San Valent\u00edn - Florister\u00eda Ca l'Ung\u00e9 - Ocasiones Especiales"},{"@type":"BreadcrumbList","@id":"https:\/\/floristeriaunge.com\/es\/dia-de-san-valentin\/#breadcrumb","itemListElement":[{"@type":"ListItem","position":1,"name":"Inici","item":"https:\/\/floristeriaunge.com\/es\/"},{"@type":"ListItem","position":2,"name":"D\u00eda de San Valent\u00edn"}]},{"@type":"WebSite","@id":"https:\/\/floristeriaunge.com\/es\/#website","url":"https:\/\/floristeriaunge.com\/es\/","name":"Floristeria Ca l&#039;Ung\u00e9","description":"Tu florister\u00eda en Santa Mar\u00eda de Palautordera","potentialAction":[{"@type":"SearchAction","target":{"@type":"EntryPoint","urlTemplate":"https:\/\/floristeriaunge.com\/es\/?s={search_term_string}"},"query-input":{"@type":"PropertyValueSpecification","valueRequired":true,"valueName":"search_term_string"}}],"inLanguage":"es"},{"@type":"Person","@id":"https:\/\/floristeriaunge.com\/es\/#\/schema\/person\/e91cbbe402dc8ddfa580bdf5c9526a64","name":"elreque","image":{"@type":"ImageObject","inLanguage":"es","@id":"https:\/\/floristeriaunge.com\/es\/#\/schema\/person\/image\/","url":"https:\/\/secure.gravatar.com\/avatar\/77ddea7d244534dc63eb8ea8ab1d5c8a1f7b2fefe442497e7b76f2190a7a64c2?s=96&d=mm&r=g","contentUrl":"https:\/\/secure.gravatar.com\/avatar\/77ddea7d244534dc63eb8ea8ab1d5c8a1f7b2fefe442497e7b76f2190a7a64c2?s=96&d=mm&r=g","caption":"elreque"}}]}},"_links":{"self":[{"href":"https:\/\/floristeriaunge.com\/es\/wp-json\/wp\/v2\/posts\/1889","targetHints":{"allow":["GET"]}}],"collection":[{"href":"https:\/\/floristeriaunge.com\/es\/wp-json\/wp\/v2\/posts"}],"about":[{"href":"https:\/\/floristeriaunge.com\/es\/wp-json\/wp\/v2\/types\/post"}],"author":[{"embeddable":true,"href":"https:\/\/floristeriaunge.com\/es\/wp-json\/wp\/v2\/users\/1"}],"replies":[{"embeddable":true,"href":"https:\/\/floristeriaunge.com\/es\/wp-json\/wp\/v2\/comments?post=1889"}],"version-history":[{"count":0,"href":"https:\/\/floristeriaunge.com\/es\/wp-json\/wp\/v2\/posts\/1889\/revisions"}],"wp:featuredmedia":[{"embeddable":true,"href":"https:\/\/floristeriaunge.com\/es\/wp-json\/wp\/v2\/media\/1883"}],"wp:attachment":[{"href":"https:\/\/floristeriaunge.com\/es\/wp-json\/wp\/v2\/media?parent=1889"}],"wp:term":[{"taxonomy":"category","embeddable":true,"href":"https:\/\/floristeriaunge.com\/es\/wp-json\/wp\/v2\/categories?post=1889"},{"taxonomy":"post_tag","embeddable":true,"href":"https:\/\/floristeriaunge.com\/es\/wp-json\/wp\/v2\/tags?post=1889"}],"curies":[{"name":"wp","href":"https:\/\/api.w.org\/{rel}","templated":true}]}}